[{"@context":"https:\/\/schema.org\/","@type":"Article","@id":"https:\/\/www.decius.cz\/se-specialistou-se-nemusite-niceho-bat\/#Article","mainEntityOfPage":"https:\/\/www.decius.cz\/se-specialistou-se-nemusite-niceho-bat\/","headline":"Se specialistou se nemus\u00edte ni\u010deho b\u00e1t","name":"Se specialistou se nemus\u00edte ni\u010deho b\u00e1t","description":"Chcete se i vy obr\u00e1tit na n\u011bkoho, s mnoha zku\u0161enostmi, prax\u00ed a profesion\u00e1ln\u00edm p\u0159\u00edstupem k z\u00e1kazn\u00edk\u016fm? Chcete jedni\u010dku, kter\u00e9 se d\u00e1 v\u011b\u0159it a dostanete od n\u00ed kvalitn\u00ed dve\u0159e Plze\u0148? Jestli je tomu tak, jsme pro v\u00e1s my t\u00edm, komu se d\u00e1 v\u017edy a ve v\u0161em d\u016fv\u011b\u0159ovat. Na\u0161e jm\u00e9no je Vogltanz a nemus\u00edte se s n\u00e1mi [&hellip;]","datePublished":"2024-11-16","dateModified":"2024-11-16","author":{"@type":"Person","@id":"https:\/\/www.decius.cz\/author\/#Person","name":"","url":"https:\/\/www.decius.cz\/author\/","identifier":1,"image":{"@type":"ImageObject","@id":"https:\/\/secure.gravatar.com\/avatar\/40b5f3ce562f556955b189273c919e65fd2efecc17411a60d9172af88d0e5d58?s=96&d=mm&r=g","url":"https:\/\/secure.gravatar.com\/avatar\/40b5f3ce562f556955b189273c919e65fd2efecc17411a60d9172af88d0e5d58?s=96&d=mm&r=g","height":96,"width":96}},"publisher":{"@type":"Organization","name":"decius.cz","logo":{"@type":"ImageObject","@id":"\/logo.png","url":"\/logo.png","width":600,"height":60}},"url":"https:\/\/www.decius.cz\/se-specialistou-se-nemusite-niceho-bat\/","wordCount":193,"articleBody":"Chcete se i vy obr\u00e1tit na n\u011bkoho, s mnoha zku\u0161enostmi, prax\u00ed a profesion\u00e1ln\u00edm p\u0159\u00edstupem k z\u00e1kazn\u00edk\u016fm? Chcete jedni\u010dku, kter\u00e9 se d\u00e1 v\u011b\u0159it a dostanete od n\u00ed kvalitn\u00ed dve\u0159e Plze\u0148? Jestli je tomu tak, jsme pro v\u00e1s my t\u00edm, komu se d\u00e1 v\u017edy a ve v\u0161em d\u016fv\u011b\u0159ovat. Na\u0161e jm\u00e9no je Vogltanz a nemus\u00edte se s n\u00e1mi b\u00e1t toho, \u017ee budete nespokojen\u00ed. Sna\u017e\u00edme se v\u0161em lidem pomoci, jak je to jen mo\u017en\u00e9 a jde n\u00e1m o to, aby to d\u00edky n\u00e1m u v\u00e1s doma skv\u011ble vypadalo.\tPom\u016f\u017eeme v\u00e1m se v\u0161\u00edm, s \u010d\u00edm pot\u0159ebujeteNa\u0161e spole\u010dnost v\u00e1m d\u00e1 v\u017edy a jen tu nejlep\u0161\u00ed pomoc. Je pro n\u00e1s d\u016fle\u017eit\u00e9, aby spolupr\u00e1ce s n\u00e1mi vyhovovala v\u0161em lidem, kte\u0159\u00ed se na n\u00e1s obr\u00e1t\u00ed. I d\u00edky tomu m\u00e1me \u0161irokou nab\u00eddku a dozajista si u n\u00e1s i vy vyberete to, co se v\u00e1m bude hodit do domu.                                                                                                                                                                                                                                                                                                                                                                                        4.2\/5 - (4 votes)        "},{"@context":"https:\/\/schema.org\/","@type":"BreadcrumbList","itemListElement":[{"@type":"ListItem","position":1,"name":"Se specialistou se nemus\u00edte ni\u010deho b\u00e1t","item":"https:\/\/www.decius.cz\/se-specialistou-se-nemusite-niceho-bat\/#breadcrumbitem"}]}]