[{"@context":"https:\/\/schema.org\/","@type":"Article","@id":"https:\/\/www.decius.cz\/pokud-potrebujete-oddechnout-telu-a-mysli\/#Article","mainEntityOfPage":"https:\/\/www.decius.cz\/pokud-potrebujete-oddechnout-telu-a-mysli\/","headline":"Pokud pot\u0159ebujete oddechnout t\u011blu a mysli","name":"Pokud pot\u0159ebujete oddechnout t\u011blu a mysli","description":"Nechte si zase jednou h\u00fd\u010dkat sv\u00e9 t\u011blo mno\u017estv\u00edm procedur, kter\u00e9 v\u00e1m dop\u0159ej\u00ed na\u0161e relaxa\u010dn\u00ed pobyty. Dobijte energii, kterou jste se sklonkem l\u00e9ta a za\u010d\u00e1tkem po\u0161mourn\u00e9ho podzimu za\u010dali pomalu ztr\u00e1cet. N\u00e1vrat z va\u0161\u00ed dovolen\u00e9 do ka\u017edodenn\u00ed rutiny ka\u017edodenn\u00edch ritu\u00e1l\u016f a povinnost\u00ed v\u00e1s nep\u0159\u00edjemn\u011b zasko\u010dil, a proto nev\u00e1hejte ani chvili\u010dku a pocit smutku a \u00fanavy za\u017ee\u0148te relaxa\u010dn\u00ed [&hellip;]","datePublished":"2024-12-06","dateModified":"2024-12-06","author":{"@type":"Person","@id":"https:\/\/www.decius.cz\/author\/#Person","name":"","url":"https:\/\/www.decius.cz\/author\/","identifier":1,"image":{"@type":"ImageObject","@id":"https:\/\/secure.gravatar.com\/avatar\/40b5f3ce562f556955b189273c919e65fd2efecc17411a60d9172af88d0e5d58?s=96&d=mm&r=g","url":"https:\/\/secure.gravatar.com\/avatar\/40b5f3ce562f556955b189273c919e65fd2efecc17411a60d9172af88d0e5d58?s=96&d=mm&r=g","height":96,"width":96}},"publisher":{"@type":"Organization","name":"decius.cz","logo":{"@type":"ImageObject","@id":"\/logo.png","url":"\/logo.png","width":600,"height":60}},"url":"https:\/\/www.decius.cz\/pokud-potrebujete-oddechnout-telu-a-mysli\/","wordCount":185,"articleBody":"Nechte si zase jednou h\u00fd\u010dkat sv\u00e9 t\u011blo mno\u017estv\u00edm procedur, kter\u00e9 v\u00e1m dop\u0159ej\u00ed na\u0161e relaxa\u010dn\u00ed pobyty. Dobijte energii, kterou jste se sklonkem l\u00e9ta a za\u010d\u00e1tkem po\u0161mourn\u00e9ho podzimu za\u010dali pomalu ztr\u00e1cet. N\u00e1vrat z va\u0161\u00ed dovolen\u00e9 do ka\u017edodenn\u00ed rutiny ka\u017edodenn\u00edch ritu\u00e1l\u016f a povinnost\u00ed v\u00e1s nep\u0159\u00edjemn\u011b zasko\u010dil, a proto nev\u00e1hejte ani chvili\u010dku a pocit smutku a \u00fanavy za\u017ee\u0148te relaxa\u010dn\u00ed pobytem pln\u00fdm mas\u00e1\u017e\u00ed a procedur, kter\u00e9 va\u0161e t\u011blo i mysl op\u011bt nakopnou. Civiliza\u010dn\u00ed choroby, stres a jin\u00e9 neduhy na n\u00e1s toti\u017e \u010dekaj\u00ed na ka\u017ed\u00e9m kroku. Dop\u0159\u00e1vejte si proto relaxa\u010dn\u00ed pobyty pravideln\u011b a opakovan\u011b, abyste jim mohli p\u0159edch\u00e1zet. Prevence je toti\u017e v\u017edy mnohem d\u016fle\u017eit\u011bj\u0161\u00ed, ne\u017e pot\u00fdk\u00e1n\u00ed se s n\u00e1sledky. P\u0159edch\u00e1zejte nemocem Ne\u010dekejte, a\u017e v\u00e1s va\u0161e t\u011blo po\u0161le l\u00e9ka\u0159i! Relaxa\u010dn\u00ed pobyty v\u00e1m u\u0161et\u0159\u00ed zdrav\u00ed i pen\u00edze, nebo\u0165 neschopenku nebudete pot\u0159ebovat.                                                                                                                                                                                                                                                                                                                                                                                        5\/5 - (1 vote)        "},{"@context":"https:\/\/schema.org\/","@type":"BreadcrumbList","itemListElement":[{"@type":"ListItem","position":1,"name":"Pokud pot\u0159ebujete oddechnout t\u011blu a mysli","item":"https:\/\/www.decius.cz\/pokud-potrebujete-oddechnout-telu-a-mysli\/#breadcrumbitem"}]}]