[{"@context":"https:\/\/schema.org\/","@type":"Article","@id":"https:\/\/www.decius.cz\/nasim-reprezentacim-se-dari\/#Article","mainEntityOfPage":"https:\/\/www.decius.cz\/nasim-reprezentacim-se-dari\/","headline":"Na\u0161im reprezentac\u00edm se da\u0159\u00ed","name":"Na\u0161im reprezentac\u00edm se da\u0159\u00ed","description":"Davis\u016fv poh\u00e1r jsme v leto\u0161n\u00edm roce sice nez\u00edskali, ale narazili jsme na obzvl\u00e1\u0161\u0165 siln\u00fd t\u00fdm Francie. Hr\u00e1l v nejsiln\u011bj\u0161\u00edm slo\u017een\u00ed, m\u00e1 daleko v\u011bt\u0161\u00ed hr\u00e1\u010dskou z\u00e1kladnu ne\u017e my. Te\u010f v\u0161ak Francouze \u010dekaj\u00ed \u0160v\u00fdca\u0159i. Usp\u011bj\u00ed i proti nim? I tyto z\u00e1pasy m\u016f\u017eete sledovat. Bude na v\u00e1s \u010dekat n\u00e1\u0161 tenis on line. My se ji\u017e t\u011b\u0161\u00edme na dal\u0161\u00ed [&hellip;]","datePublished":"2025-08-29","dateModified":"2025-08-29","author":{"@type":"Person","@id":"https:\/\/www.decius.cz\/author\/#Person","name":"","url":"https:\/\/www.decius.cz\/author\/","identifier":1,"image":{"@type":"ImageObject","@id":"https:\/\/secure.gravatar.com\/avatar\/40b5f3ce562f556955b189273c919e65fd2efecc17411a60d9172af88d0e5d58?s=96&d=mm&r=g","url":"https:\/\/secure.gravatar.com\/avatar\/40b5f3ce562f556955b189273c919e65fd2efecc17411a60d9172af88d0e5d58?s=96&d=mm&r=g","height":96,"width":96}},"publisher":{"@type":"Organization","name":"decius.cz","logo":{"@type":"ImageObject","@id":"\/logo.png","url":"\/logo.png","width":600,"height":60}},"url":"https:\/\/www.decius.cz\/nasim-reprezentacim-se-dari\/","wordCount":189,"articleBody":"Davis\u016fv poh\u00e1r jsme v leto\u0161n\u00edm roce sice nez\u00edskali, ale narazili jsme na obzvl\u00e1\u0161\u0165 siln\u00fd t\u00fdm Francie. Hr\u00e1l v nejsiln\u011bj\u0161\u00edm slo\u017een\u00ed, m\u00e1 daleko v\u011bt\u0161\u00ed hr\u00e1\u010dskou z\u00e1kladnu ne\u017e my. Te\u010f v\u0161ak Francouze \u010dekaj\u00ed \u0160v\u00fdca\u0159i. Usp\u011bj\u00ed i proti nim? I tyto z\u00e1pasy m\u016f\u017eete sledovat. Bude na v\u00e1s \u010dekat n\u00e1\u0161 tenis on line. My se ji\u017e t\u011b\u0161\u00edme na dal\u0161\u00ed z\u00e1pasy na\u0161ich hr\u00e1\u010d\u016f. Obstoj\u00ed i v p\u0159\u00ed\u0161t\u00edm ro\u010dn\u00edku? Na\u0161e \u017eeny dosahuj\u00ed \u0161pi\u010dkov\u00fdch v\u00fdsledk\u016f Dr\u017e\u00edme palce na\u0161im nejen v t\u00fdmov\u00e9 sout\u011b\u017ei Fed Cup, ale i na jednotliv\u00fdch turnaj\u00edch. Je velmi t\u011b\u017ek\u00e9 obst\u00e1t a udr\u017eet si sv\u00e9 postaven\u00ed na \u017eeb\u0159\u00ed\u010dku ATP. V\u011b\u0159\u00edme, \u017ee to na\u0161e d\u011bv\u010data zvl\u00e1dnou a budou n\u00e1m d\u011blat radost i nad\u00e1le. M\u00e1me \u0161ikovn\u00e9 i mlad\u00e9 v obou kategori\u00edch, kte\u0159\u00ed ji\u017e vystrkuj\u00ed r\u016f\u017eky, v\u017edy\u0165 pr\u00e1v\u011b oni jednou p\u0159evezmou \u017eezlo. S tenisem on line budete velmi dob\u0159e informov\u00e1ni.                                                                                                                                                                                                                                                                                                                                                                                                "},{"@context":"https:\/\/schema.org\/","@type":"BreadcrumbList","itemListElement":[{"@type":"ListItem","position":1,"name":"Na\u0161im reprezentac\u00edm se da\u0159\u00ed","item":"https:\/\/www.decius.cz\/nasim-reprezentacim-se-dari\/#breadcrumbitem"}]}]