[{"@context":"https:\/\/schema.org\/","@type":"Article","@id":"https:\/\/www.decius.cz\/maji-to-muzi-jednodussi\/#Article","mainEntityOfPage":"https:\/\/www.decius.cz\/maji-to-muzi-jednodussi\/","headline":"Maj\u00ed to mu\u017ei jednodu\u0161\u0161\u00ed?","name":"Maj\u00ed to mu\u017ei jednodu\u0161\u0161\u00ed?","description":"Mezi \u017eenami panuje p\u0159esv\u011bd\u010den\u00ed, \u017ee mu\u017ei to maj\u00ed v \u017eivot\u011b mnohem jednodu\u0161\u0161\u00ed ne\u017e \u017eeny. Nejen\u017ee nemus\u00ed rodit, ale tak\u00e9 se v podstat\u011b ani nemus\u00ed p\u0159\u00edli\u0161 starat o sv\u016fj zevn\u011bj\u0161ek. Chlap se prost\u011b jednou za \u010das zajde ost\u0159\u00edhat, mo\u017en\u00e1 si zkr\u00e1tit i vousy, a to je tak co se t\u00fd\u010de zkr\u00e1\u0161lov\u00e1n\u00ed asi v\u0161echno. Zat\u00edmco \u017eeny mus\u00ed [&hellip;]","datePublished":"2019-02-26","dateModified":"2023-05-06","author":{"@type":"Person","@id":"https:\/\/www.decius.cz\/author\/#Person","name":"","url":"https:\/\/www.decius.cz\/author\/","identifier":1,"image":{"@type":"ImageObject","@id":"https:\/\/secure.gravatar.com\/avatar\/40b5f3ce562f556955b189273c919e65fd2efecc17411a60d9172af88d0e5d58?s=96&d=mm&r=g","url":"https:\/\/secure.gravatar.com\/avatar\/40b5f3ce562f556955b189273c919e65fd2efecc17411a60d9172af88d0e5d58?s=96&d=mm&r=g","height":96,"width":96}},"publisher":{"@type":"Organization","name":"decius.cz","logo":{"@type":"ImageObject","@id":"\/logo.png","url":"\/logo.png","width":600,"height":60}},"image":{"@type":"ImageObject","@id":"https:\/\/www.decius.cz\/wp-content\/uploads\/img_a338593_w2679_t1551204757.png","url":"https:\/\/www.decius.cz\/wp-content\/uploads\/img_a338593_w2679_t1551204757.png","height":0,"width":0},"url":"https:\/\/www.decius.cz\/maji-to-muzi-jednodussi\/","about":["Mu\u017ei"],"wordCount":434,"articleBody":"Mezi \u017eenami panuje p\u0159esv\u011bd\u010den\u00ed, \u017ee mu\u017ei to maj\u00ed v \u017eivot\u011b mnohem jednodu\u0161\u0161\u00ed ne\u017e \u017eeny. Nejen\u017ee nemus\u00ed rodit, ale tak\u00e9 se v podstat\u011b ani nemus\u00ed p\u0159\u00edli\u0161 starat o sv\u016fj zevn\u011bj\u0161ek. Chlap se prost\u011b jednou za \u010das zajde ost\u0159\u00edhat, mo\u017en\u00e1 si zkr\u00e1tit i vousy, a to je tak co se t\u00fd\u010de zkr\u00e1\u0161lov\u00e1n\u00ed asi v\u0161echno. Zat\u00edmco \u017eeny mus\u00ed pro kr\u00e1su \u010dasto i trp\u011bt. Hodiny str\u00e1ven\u00e9 v kosmetick\u00fdch sal\u00f3nech nav\u00edc nejsou zadarmo. Mu\u017ei sta\u010d\u00ed u holi\u010de st\u00e1\u010d\u00ed obvykle m\u00e9n\u011b ne\u017e jedna stokoruna. Zkr\u00e1\u0161lov\u00e1n\u00ed je jedna v\u011bc, ale jsou tu i d\u016fle\u017eit\u011bj\u0161\u00ed z\u00e1le\u017eitosti, t\u0159eba p\u00e9\u010de o d\u00edt\u011b a obecn\u011b o rodinu.&#13; Je samoz\u0159ejm\u011b pravdou, \u017ee pro mal\u00e9 d\u00edt\u011b je mnohem d\u016fle\u017eit\u011bj\u0161\u00ed matka, ve kter\u00e9 celou dobu rostlo a kter\u00e9 pak musela horko t\u011b\u017eko porodit. To v\u0161ak neznamen\u00e1, \u017ee na otce z\u016fst\u00e1v\u00e1 pouze mazlen\u00ed, v p\u0159\u00edpad\u011b nouze p\u0159ebalov\u00e1n\u00ed. Dne\u0161n\u00ed tat\u00ednci jsou mnohdy velice pe\u010dliv\u00ed, co se t\u00fd\u010de povinnost\u00ed spojen\u00fdch s p\u00e9\u010di o d\u00edt\u011b. \u0158ada z nich si dokonce bere i mate\u0159skou, pokud m\u00e1 \u017eena slibn\u011b rozjetou kari\u00e9ru, kterou nechce jen tak zahodit. Je sice pravdou, \u017ee v na\u0161\u00ed zemi to s mu\u017ei na mate\u0159sk\u00e9 p\u0159\u00edli\u0161 slavn\u00e9 nen\u00ed, ale trendy hovo\u0159\u00ed jasn\u011b. V dal\u0161\u00edch letech bude mu\u017e\u016f, kte\u0159\u00ed budou s d\u00edt\u011btem doma, p\u0159ib\u00fdvat. P\u00e9\u010de a v\u00fdchova d\u011bt\u00ed tedy ji\u017e d\u00e1vno nen\u00ed dom\u00e9nou pouze \u017eensk\u00e9ho pohlav\u00ed.Starost o finance&#13; I kdy\u017e se mnoh\u00e9 genderov\u00e9 stereotypy v na\u0161\u00ed spole\u010dnosti \u010d\u00edm d\u00e1l t\u00edm rychleji smaz\u00e1vaj\u00ed, jeden zde z\u016fst\u00e1v\u00e1 \u2013 mu\u017ei mus\u00ed vyd\u011bl\u00e1vat, aby u\u017eivili rodinu. A to si mysl\u00ed nejen samotn\u00ed p\u00e1nov\u00e9, ale tak\u00e9 v\u011bt\u0161ina dam. To samoz\u0159ejm\u011b nen\u00ed pro mu\u017ee nic moc jednoduch\u00e9ho. Hlavn\u011b pokud nemaj\u00ed vysoko\u0161kolsk\u00e9 vzd\u011bl\u00e1n\u00ed, m\u016f\u017ee to b\u00fdt probl\u00e9m. Platy v mnoha odv\u011btv\u00edch nejsou zrovna uk\u00e1zkov\u00e9 a \u010dasto to sta\u010d\u00ed sotva na p\u0159e\u017eit\u00ed, nato\u017e pak je\u0161t\u011b na hezkou dovolenou. V tomto sm\u011bru jsou mu\u017ei pod velk\u00fdm psychick\u00fdm tlakem, kter\u00fd na n\u011b klade nejen samotn\u00e1 spole\u010dnost, ale pov\u011bt\u0161inou i oni sami. D\u00edky tomu je \u0159ada mu\u017e\u016f neust\u00e1le ve stresu, kter\u00fd m\u016f\u017ee v\u00e9st a\u017e k du\u0161evn\u00edm poruch\u00e1m.                                                                                                                                                                                                                                                                                                                                                                                        4.2\/5 - (12 votes)        "},{"@context":"https:\/\/schema.org\/","@type":"BreadcrumbList","itemListElement":[{"@type":"ListItem","position":1,"name":"Maj\u00ed to mu\u017ei jednodu\u0161\u0161\u00ed?","item":"https:\/\/www.decius.cz\/maji-to-muzi-jednodussi\/#breadcrumbitem"}]}]