[{"@context":"https:\/\/schema.org\/","@type":"Article","@id":"https:\/\/www.decius.cz\/je-tu-duvod-ke-kritice\/#Article","mainEntityOfPage":"https:\/\/www.decius.cz\/je-tu-duvod-ke-kritice\/","headline":"Je tu d\u016fvod ke kritice?","name":"Je tu d\u016fvod ke kritice?","description":"U\u017e jsem se na internetu zase do\u010detl o tom, jak \u0161patn\u011b se u n\u00e1s \u017eije soci\u00e1ln\u011b slab\u00fdm. A to proto, \u017ee je pr\u00fd u n\u00e1s p\u0159\u00edli\u0161 n\u00edzk\u00e9 \u017eivotn\u00ed a existen\u010dn\u00ed minimum. Co\u017e jsou sice pro mnoh\u00e9 z&nbsp;n\u00e1s jenom slova, ov\u0161em pro leckoho nikoliv. Proto\u017ee jsou u n\u00e1s i lid\u00e9, kte\u0159\u00ed za n\u011bkter\u00e9 z&nbsp;t\u011bchto minim \u017eij\u00ed. [&hellip;]","datePublished":"2023-05-06","dateModified":"2023-05-06","author":{"@type":"Person","@id":"https:\/\/www.decius.cz\/author\/#Person","name":"","url":"https:\/\/www.decius.cz\/author\/","identifier":1,"image":{"@type":"ImageObject","@id":"https:\/\/secure.gravatar.com\/avatar\/40b5f3ce562f556955b189273c919e65fd2efecc17411a60d9172af88d0e5d58?s=96&d=mm&r=g","url":"https:\/\/secure.gravatar.com\/avatar\/40b5f3ce562f556955b189273c919e65fd2efecc17411a60d9172af88d0e5d58?s=96&d=mm&r=g","height":96,"width":96}},"publisher":{"@type":"Organization","name":"decius.cz","logo":{"@type":"ImageObject","@id":"\/logo.png","url":"\/logo.png","width":600,"height":60}},"image":{"@type":"ImageObject","@id":"https:\/\/www.decius.cz\/wp-content\/uploads\/img_a336923_w2679_t1550230796.jpg","url":"https:\/\/www.decius.cz\/wp-content\/uploads\/img_a336923_w2679_t1550230796.jpg","height":0,"width":0},"url":"https:\/\/www.decius.cz\/je-tu-duvod-ke-kritice\/","about":["Finance"],"wordCount":617,"articleBody":"U\u017e jsem se na internetu zase do\u010detl o tom, jak \u0161patn\u011b se u n\u00e1s \u017eije soci\u00e1ln\u011b slab\u00fdm. A to proto, \u017ee je pr\u00fd u n\u00e1s p\u0159\u00edli\u0161 n\u00edzk\u00e9 \u017eivotn\u00ed a existen\u010dn\u00ed minimum. Co\u017e jsou sice pro mnoh\u00e9 z&nbsp;n\u00e1s jenom slova, ov\u0161em pro leckoho nikoliv. Proto\u017ee jsou u n\u00e1s i lid\u00e9, kte\u0159\u00ed za n\u011bkter\u00e9 z&nbsp;t\u011bchto minim \u017eij\u00ed. Nebo by se m\u011blo sp\u00ed\u0161e \u0159\u00edci \u017eivo\u0159\u00ed nebo p\u0159e\u017e\u00edvaj\u00ed.Pro ty, kdo pob\u00edraj\u00ed \u017eivotn\u00ed nebo existen\u010dn\u00ed minimum je pr\u00fd toto u\u010din\u011bnou no\u010dn\u00ed m\u016frou. Proto\u017ee v\u00fd\u0161e t\u011bchto minim\u00e1ln\u00edch p\u0159\u00edjm\u016f byla stanovena poprv\u00e9 v roce 2007 a od t\u011bch dob byla zv\u00fd\u0161ena pouze jedinkr\u00e1t, v roce 2012, odkdy jde o \u010d\u00e1stky ve v\u00fd\u0161i 3410 \u010di 2200 korun.A jak pr\u00fd maj\u00ed lid\u00e9 z&nbsp;t\u011bchto pen\u011bz v&nbsp;na\u0161\u00ed zemi vy\u017e\u00edt? Jak pr\u00fd m\u00e1 n\u011bkdo existovat jen za n\u011bco v\u00edc ne\u017e dv\u011b tis\u00edcovky, jak pr\u00fd si m\u00e1 po\u0159izovat v\u00fd\u017eivu a z\u00e1kladn\u00ed osobn\u00ed pot\u0159eby za necel\u00fdch t\u0159i a p\u016fl tis\u00edce? K&nbsp;\u010demu\u017e jsou odsouzeni ti nejchud\u0161\u00ed z&nbsp;n\u00e1s, krom\u011b nezaopat\u0159en\u00fdch d\u011bt\u00ed, starobn\u00edch d\u016fchodc\u016f a lid\u00ed ve v\u011bku nad osma\u0161edes\u00e1t let.Autor zmi\u0148uj\u00edc\u00ed na internetu tento fakt pran\u00fd\u0159uje skute\u010dnost, \u017ee potraviny, hygienick\u00e9 pot\u0159eby a t\u0159eba l\u00e9ky za posledn\u00edch deset let podra\u017eily, a to nejednou a\u017e na dvojn\u00e1sobek tehdej\u0161\u00edch cen, ov\u0161em v\u00fd\u0161e zm\u00edn\u011bn\u00fdch minim se &ndash; jak zazn\u011blo &ndash; t\u00e9m\u011b\u0159 nepohnula sm\u011brem vzh\u016fru. Zat\u00edmco minim\u00e1ln\u00ed a pr\u016fm\u011brn\u00e1 mzda rostou (ta druh\u00e1 se od roku 2007 zv\u00fd\u0161ila o v\u00edc ne\u017e deset tis\u00edc), \u017eivotn\u00ed a existen\u010dn\u00ed minimum nikoliv.A jak tedy maj\u00ed ti \u00fapln\u011b dole \u017e\u00edt?Ti, kte\u0159\u00ed si za existen\u010dn\u00ed minimum dop\u0159ej\u00ed jen minimum potravin, deodorant, pastu na zuby, toaletn\u00ed pap\u00edr a oble\u010den\u00ed, nic v\u00edc. To k&nbsp;\u017eivotu prost\u011b nesta\u010d\u00ed, a\u010d si zl\u00e1 vl\u00e1da usmyslela ani letos t\u011bm nejchud\u0161\u00edm na minimu nep\u0159idat s&nbsp;t\u00edm, \u017ee by je to nemotivovalo k&nbsp;pr\u00e1ci.A tak jsou pr\u00fd ti na zoufal\u00e9m minimu vlastn\u011b skoro odsouzeni k&nbsp;\u017eivotu na ulici! A kdy\u017e k&nbsp;tomu p\u0159ipo\u010dtete, \u017ee podobn\u00ed lid\u00e9 nem\u00edvaj\u00ed p\u0159\u00edli\u0161 dobr\u00e9 vyhl\u00eddky na zlep\u0161en\u00ed t\u00e9to situace, je to tristn\u00ed.Hlavn\u011b kdy\u017e maj\u00ed spousty takov\u00fdch lid\u00ed na krku exekuce, kv\u016fli kter\u00fdm se jim ani nevyplat\u00ed j\u00edt n\u011bkam pracovat, kdy\u017e jim st\u00e1t sah\u00e1 i na tyto pen\u00edze t\u0159eba proto, \u017ee nepos\u00edlaj\u00ed d\u011bti do \u0161koly, odm\u00edtaj\u00ed pracovat nebo neplat\u00ed alimenty.Takov\u00ed n\u011bkdy nedost\u00e1vaj\u00ed ani existen\u010dn\u00ed minimum a jsou odsouzeni k&nbsp;\u017eivotu na dluh, vis\u00ed na krku p\u0159\u00edbuzn\u00fdm, \u017eij\u00ed na ulici.Je pr\u00fd smutn\u00e9, kdy\u017e si u n\u00e1s cen\u00edme lidsk\u00e9ho \u017eivota na takto mizern\u00fd pen\u00edz. M\u011bli bychom se styd\u011bt.Co\u017e beru jako uk\u00e1zkov\u00fd p\u0159\u00edklad &ndash; demagogie. Proto\u017ee doty\u010dn\u00e9 chud\u00e1ky p\u0159ece nikdo nenut\u00ed, aby odm\u00edtali pr\u00e1ci, d\u011blali dluhy a nespl\u00e1celi sv\u00e9 z\u00e1vazky a pak \u017eivo\u0159ili. Zejm\u00e9na kdy\u017e i autor s\u00e1m p\u0159izn\u00e1v\u00e1, \u017ee u n\u00e1s m\u00e1me i dal\u0161\u00edch \u0161estn\u00e1ct druh\u016f soci\u00e1ln\u00edch d\u00e1vek.Za kter\u00e9\u017eto situace se domn\u00edv\u00e1m, \u017ee je &sbquo;2200 K\u010d za \u017eivot&lsquo; a\u017e a\u017e.                                                                                                                                                                                                                                                                                                                                                                                        4\/5 - (11 votes)        "},{"@context":"https:\/\/schema.org\/","@type":"BreadcrumbList","itemListElement":[{"@type":"ListItem","position":1,"name":"Je tu d\u016fvod ke kritice?","item":"https:\/\/www.decius.cz\/je-tu-duvod-ke-kritice\/#breadcrumbitem"}]}]