[{"@context":"https:\/\/schema.org\/","@type":"Article","@id":"https:\/\/www.decius.cz\/citroen-nezapomina-na-vyrazne-prvky-ktere-dovedou-kazde-vozidlo-ozivit\/#Article","mainEntityOfPage":"https:\/\/www.decius.cz\/citroen-nezapomina-na-vyrazne-prvky-ktere-dovedou-kazde-vozidlo-ozivit\/","headline":"Citroen nezapom\u00edn\u00e1 na v\u00fdrazn\u00e9 prvky, kter\u00e9 dovedou ka\u017ed\u00e9 vozidlo o\u017eivit","name":"Citroen nezapom\u00edn\u00e1 na v\u00fdrazn\u00e9 prvky, kter\u00e9 dovedou ka\u017ed\u00e9 vozidlo o\u017eivit","description":"Nudn\u00fd design u t\u00e9to uzn\u00e1van\u00e9 automobilov\u00e9 zna\u010dky doopravdy nehledejte. Tady budou spokojen\u00ed jedinci, kte\u0159\u00ed se cht\u011bj\u00ed od ostatn\u00edch odli\u0161it a tou\u017e\u00ed po origin\u00e1ln\u00edm vozidle, kter\u00e9 nikdo nep\u0159ehl\u00e9dne. Profesion\u00e1lov\u00e9 dovedou vhodn\u00fdm zp\u016fsobem skloubit prakti\u010dnost a styl. V interi\u00e9ru si budete p\u0159ipadat jako ve Va\u0161em obl\u00edben\u00e9m k\u0159esle v ob\u00fdvac\u00edm pokoji. V\u0161e si m\u016f\u017eete nastavit zcela podle Va\u0161ich [&hellip;]","datePublished":"2023-11-08","dateModified":"2023-11-08","author":{"@type":"Person","@id":"https:\/\/www.decius.cz\/author\/#Person","name":"","url":"https:\/\/www.decius.cz\/author\/","identifier":1,"image":{"@type":"ImageObject","@id":"https:\/\/secure.gravatar.com\/avatar\/40b5f3ce562f556955b189273c919e65fd2efecc17411a60d9172af88d0e5d58?s=96&d=mm&r=g","url":"https:\/\/secure.gravatar.com\/avatar\/40b5f3ce562f556955b189273c919e65fd2efecc17411a60d9172af88d0e5d58?s=96&d=mm&r=g","height":96,"width":96}},"publisher":{"@type":"Organization","name":"decius.cz","logo":{"@type":"ImageObject","@id":"\/logo.png","url":"\/logo.png","width":600,"height":60}},"url":"https:\/\/www.decius.cz\/citroen-nezapomina-na-vyrazne-prvky-ktere-dovedou-kazde-vozidlo-ozivit\/","wordCount":236,"articleBody":"Nudn\u00fd design u t\u00e9to uzn\u00e1van\u00e9 automobilov\u00e9 zna\u010dky doopravdy nehledejte. Tady budou spokojen\u00ed jedinci, kte\u0159\u00ed se cht\u011bj\u00ed od ostatn\u00edch odli\u0161it a tou\u017e\u00ed po origin\u00e1ln\u00edm vozidle, kter\u00e9 nikdo nep\u0159ehl\u00e9dne. Profesion\u00e1lov\u00e9 dovedou vhodn\u00fdm zp\u016fsobem skloubit prakti\u010dnost a styl. V interi\u00e9ru si budete p\u0159ipadat jako ve Va\u0161em obl\u00edben\u00e9m k\u0159esle v ob\u00fdvac\u00edm pokoji. V\u0161e si m\u016f\u017eete nastavit zcela podle Va\u0161ich p\u0159edstav. Odkl\u00e1dac\u00edch p\u0159ihr\u00e1dek nen\u00ed nikdy dost. T\u00edmto heslem se \u0159\u00eddil v\u00fdrobce a odvedl dokonalou pr\u00e1ci. Nav\u00edc maj\u00ed k t\u011bmto pomocn\u00edk\u016fm v\u011bt\u0161inou p\u0159\u00edstup v\u0161ichni cestuj\u00edc\u00ed.Praktick\u00fd v\u016fz do m\u011bsta i na d\u00e1lniciNem\u00e1te dost pen\u011bz, aby ve Va\u0161\u00ed gar\u00e1\u017ei mohlo st\u00e1t hned n\u011bkolik vozidel. Jeden men\u0161\u00ed model pro Va\u0161i man\u017eelku, kter\u00e1 se ve m\u011bst\u011b boj\u00ed parkovat, proto\u017ee je v\u0161ude stra\u0161n\u011b m\u00e1lo m\u00edsta. Na obchodn\u00ed jedn\u00e1n\u00ed pot\u0159ebujete n\u011bco reprezentativn\u00edho, a\u0165 se V\u00e1m potencion\u00e1ln\u00ed klient nevysm\u011bje. Ob\u010das vyr\u00e1\u017e\u00edte s rodinou na dovolenou a je nutn\u00e9 pobrat velk\u00e9 mno\u017estv\u00ed zavazadel. Citroen m\u00e1 v nab\u00eddce hned n\u011bkolik v\u0161estrann\u00fdch vozidel, ze kter\u00fdch si ur\u010dit\u011b Va\u0161eho vysn\u011bn\u00e9ho favorita vyberete.                                                                                                                                                                                                                                                                                                                                                                                        4.5\/5 - (12 votes)        "},{"@context":"https:\/\/schema.org\/","@type":"BreadcrumbList","itemListElement":[{"@type":"ListItem","position":1,"name":"Citroen nezapom\u00edn\u00e1 na v\u00fdrazn\u00e9 prvky, kter\u00e9 dovedou ka\u017ed\u00e9 vozidlo o\u017eivit","item":"https:\/\/www.decius.cz\/citroen-nezapomina-na-vyrazne-prvky-ktere-dovedou-kazde-vozidlo-ozivit\/#breadcrumbitem"}]}]