[{"@context":"https:\/\/schema.org\/","@type":"Blog","@id":"https:\/\/www.decius.cz#Blog","headline":"Decius","description":"\nKdy\u017e \u010dlov\u011bk t\u00e1pe a nev\u00ed, kudy kam, nejednou mu p\u0159ijde jak\u00e1koliv dobr\u00e1 rada od n\u011bkoho k\u00a0duhu. A n\u00e1\u0161 web je studnic\u00ed pr\u00e1v\u011b takov\u00fdch moudr\u00fdch rad.","url":"https:\/\/www.decius.cz","hasPart":[{"@type":"Article","@id":"https:\/\/www.decius.cz\/potrebujete-rychly-presun-zavolejte-taxi\/","headline":"Pot\u0159ebujete rychl\u00fd p\u0159esun? Zavolejte taxi","url":"https:\/\/www.decius.cz\/potrebujete-rychly-presun-zavolejte-taxi\/","datePublished":"2026-06-08","dateModified":"2026-06-08","mainEntityOfPage":"https:\/\/www.decius.cz\/potrebujete-rychly-presun-zavolejte-taxi\/","author":{"@type":"Person","@id":"https:\/\/www.decius.cz\/author\/#Person","name":"","url":"https:\/\/www.decius.cz\/author\/","identifier":1,"image":{"@type":"ImageObject","@id":"https:\/\/secure.gravatar.com\/avatar\/40b5f3ce562f556955b189273c919e65fd2efecc17411a60d9172af88d0e5d58?s=96&d=mm&r=g","url":"https:\/\/secure.gravatar.com\/avatar\/40b5f3ce562f556955b189273c919e65fd2efecc17411a60d9172af88d0e5d58?s=96&d=mm&r=g","height":96,"width":96}},"publisher":{"@type":"Organization","name":"decius.cz","logo":{"@type":"ImageObject","@id":"\/logo.png","url":"\/logo.png","width":600,"height":60}},"image":{"@type":"ImageObject","@id":"https:\/\/www.decius.cz\/wp-content\/uploads\/img_a305030_w2303_t1516307653.jpg","url":"https:\/\/www.decius.cz\/wp-content\/uploads\/img_a305030_w2303_t1516307653.jpg","height":0,"width":0},"wordCount":495,"keywords":null},{"@type":"Article","@id":"https:\/\/www.decius.cz\/vyhodne-vchodove-dvere\/","headline":"V\u00fdhodn\u00e9 vchodov\u00e9 dve\u0159e","url":"https:\/\/www.decius.cz\/vyhodne-vchodove-dvere\/","datePublished":"2025-12-16","dateModified":"2025-12-16","mainEntityOfPage":"https:\/\/www.decius.cz\/vyhodne-vchodove-dvere\/","author":{"@type":"Person","@id":"https:\/\/www.decius.cz\/author\/#Person","name":"","url":"https:\/\/www.decius.cz\/author\/","identifier":1,"image":{"@type":"ImageObject","@id":"https:\/\/secure.gravatar.com\/avatar\/40b5f3ce562f556955b189273c919e65fd2efecc17411a60d9172af88d0e5d58?s=96&d=mm&r=g","url":"https:\/\/secure.gravatar.com\/avatar\/40b5f3ce562f556955b189273c919e65fd2efecc17411a60d9172af88d0e5d58?s=96&d=mm&r=g","height":96,"width":96}},"publisher":{"@type":"Organization","name":"decius.cz","logo":{"@type":"ImageObject","@id":"\/logo.png","url":"\/logo.png","width":600,"height":60}},"image":{"@type":"ImageObject","@id":"https:\/\/www.decius.cz\/wp-content\/uploads\/windows-734118_640.jpg","url":"https:\/\/www.decius.cz\/wp-content\/uploads\/windows-734118_640.jpg","height":0,"width":0},"wordCount":515,"keywords":null},{"@type":"Article","@id":"https:\/\/www.decius.cz\/nasim-reprezentacim-se-dari\/","headline":"Na\u0161im reprezentac\u00edm se da\u0159\u00ed","url":"https:\/\/www.decius.cz\/nasim-reprezentacim-se-dari\/","datePublished":"2025-08-29","dateModified":"2025-08-29","mainEntityOfPage":"https:\/\/www.decius.cz\/nasim-reprezentacim-se-dari\/","author":{"@type":"Person","@id":"https:\/\/www.decius.cz\/author\/#Person","name":"","url":"https:\/\/www.decius.cz\/author\/","identifier":1,"image":{"@type":"ImageObject","@id":"https:\/\/secure.gravatar.com\/avatar\/40b5f3ce562f556955b189273c919e65fd2efecc17411a60d9172af88d0e5d58?s=96&d=mm&r=g","url":"https:\/\/secure.gravatar.com\/avatar\/40b5f3ce562f556955b189273c919e65fd2efecc17411a60d9172af88d0e5d58?s=96&d=mm&r=g","height":96,"width":96}},"publisher":{"@type":"Organization","name":"decius.cz","logo":{"@type":"ImageObject","@id":"\/logo.png","url":"\/logo.png","width":600,"height":60}},"image":null,"wordCount":229,"keywords":null},{"@type":"Article","@id":"https:\/\/www.decius.cz\/priroda-koupani-pratelske-prostredi\/","headline":"P\u0159\u00edroda, koup\u00e1n\u00ed, p\u0159\u00e1telsk\u00e9 prost\u0159ed\u00ed","url":"https:\/\/www.decius.cz\/priroda-koupani-pratelske-prostredi\/","datePublished":"2025-08-22","dateModified":"2025-08-22","mainEntityOfPage":"https:\/\/www.decius.cz\/priroda-koupani-pratelske-prostredi\/","author":{"@type":"Person","@id":"https:\/\/www.decius.cz\/author\/#Person","name":"","url":"https:\/\/www.decius.cz\/author\/","identifier":1,"image":{"@type":"ImageObject","@id":"https:\/\/secure.gravatar.com\/avatar\/40b5f3ce562f556955b189273c919e65fd2efecc17411a60d9172af88d0e5d58?s=96&d=mm&r=g","url":"https:\/\/secure.gravatar.com\/avatar\/40b5f3ce562f556955b189273c919e65fd2efecc17411a60d9172af88d0e5d58?s=96&d=mm&r=g","height":96,"width":96}},"publisher":{"@type":"Organization","name":"decius.cz","logo":{"@type":"ImageObject","@id":"\/logo.png","url":"\/logo.png","width":600,"height":60}},"image":null,"wordCount":239,"keywords":null},{"@type":"Article","@id":"https:\/\/www.decius.cz\/ta-prava-dovolena-pro-vsechny\/","headline":"Ta prav\u00e1 dovolen\u00e1 pro v\u0161echny","url":"https:\/\/www.decius.cz\/ta-prava-dovolena-pro-vsechny\/","datePublished":"2025-08-15","dateModified":"2025-08-15","mainEntityOfPage":"https:\/\/www.decius.cz\/ta-prava-dovolena-pro-vsechny\/","author":{"@type":"Person","@id":"https:\/\/www.decius.cz\/author\/#Person","name":"","url":"https:\/\/www.decius.cz\/author\/","identifier":1,"image":{"@type":"ImageObject","@id":"https:\/\/secure.gravatar.com\/avatar\/40b5f3ce562f556955b189273c919e65fd2efecc17411a60d9172af88d0e5d58?s=96&d=mm&r=g","url":"https:\/\/secure.gravatar.com\/avatar\/40b5f3ce562f556955b189273c919e65fd2efecc17411a60d9172af88d0e5d58?s=96&d=mm&r=g","height":96,"width":96}},"publisher":{"@type":"Organization","name":"decius.cz","logo":{"@type":"ImageObject","@id":"\/logo.png","url":"\/logo.png","width":600,"height":60}},"image":null,"wordCount":234,"keywords":null},{"@type":"Article","@id":"https:\/\/www.decius.cz\/party-je-skvely-odraz-ode-dna\/","headline":"P\u00e1rty je skv\u011bl\u00fd odraz ode dna","url":"https:\/\/www.decius.cz\/party-je-skvely-odraz-ode-dna\/","datePublished":"2025-08-12","dateModified":"2025-08-12","mainEntityOfPage":"https:\/\/www.decius.cz\/party-je-skvely-odraz-ode-dna\/","author":{"@type":"Person","@id":"https:\/\/www.decius.cz\/author\/#Person","name":"","url":"https:\/\/www.decius.cz\/author\/","identifier":1,"image":{"@type":"ImageObject","@id":"https:\/\/secure.gravatar.com\/avatar\/40b5f3ce562f556955b189273c919e65fd2efecc17411a60d9172af88d0e5d58?s=96&d=mm&r=g","url":"https:\/\/secure.gravatar.com\/avatar\/40b5f3ce562f556955b189273c919e65fd2efecc17411a60d9172af88d0e5d58?s=96&d=mm&r=g","height":96,"width":96}},"publisher":{"@type":"Organization","name":"decius.cz","logo":{"@type":"ImageObject","@id":"\/logo.png","url":"\/logo.png","width":600,"height":60}},"image":null,"wordCount":210,"keywords":null},{"@type":"Article","@id":"https:\/\/www.decius.cz\/ve-starsim-stylu\/","headline":"Ve star\u0161\u00edm stylu","url":"https:\/\/www.decius.cz\/ve-starsim-stylu\/","datePublished":"2025-08-06","dateModified":"2025-08-06","mainEntityOfPage":"https:\/\/www.decius.cz\/ve-starsim-stylu\/","author":{"@type":"Person","@id":"https:\/\/www.decius.cz\/author\/#Person","name":"","url":"https:\/\/www.decius.cz\/author\/","identifier":1,"image":{"@type":"ImageObject","@id":"https:\/\/secure.gravatar.com\/avatar\/40b5f3ce562f556955b189273c919e65fd2efecc17411a60d9172af88d0e5d58?s=96&d=mm&r=g","url":"https:\/\/secure.gravatar.com\/avatar\/40b5f3ce562f556955b189273c919e65fd2efecc17411a60d9172af88d0e5d58?s=96&d=mm&r=g","height":96,"width":96}},"publisher":{"@type":"Organization","name":"decius.cz","logo":{"@type":"ImageObject","@id":"\/logo.png","url":"\/logo.png","width":600,"height":60}},"image":null,"wordCount":202,"keywords":null},{"@type":"Article","@id":"https:\/\/www.decius.cz\/druhy-schopny-porsche\/","headline":"Druh\u00fd schopn\u00fd Porsche","url":"https:\/\/www.decius.cz\/druhy-schopny-porsche\/","datePublished":"2025-08-02","dateModified":"2025-08-02","mainEntityOfPage":"https:\/\/www.decius.cz\/druhy-schopny-porsche\/","author":{"@type":"Person","@id":"https:\/\/www.decius.cz\/author\/#Person","name":"","url":"https:\/\/www.decius.cz\/author\/","identifier":1,"image":{"@type":"ImageObject","@id":"https:\/\/secure.gravatar.com\/avatar\/40b5f3ce562f556955b189273c919e65fd2efecc17411a60d9172af88d0e5d58?s=96&d=mm&r=g","url":"https:\/\/secure.gravatar.com\/avatar\/40b5f3ce562f556955b189273c919e65fd2efecc17411a60d9172af88d0e5d58?s=96&d=mm&r=g","height":96,"width":96}},"publisher":{"@type":"Organization","name":"decius.cz","logo":{"@type":"ImageObject","@id":"\/logo.png","url":"\/logo.png","width":600,"height":60}},"image":null,"wordCount":232,"keywords":null},{"@type":"Article","@id":"https:\/\/www.decius.cz\/bez-lepku-chutnaji-lepe\/","headline":"Bez lepku chutnaj\u00ed l\u00e9pe","url":"https:\/\/www.decius.cz\/bez-lepku-chutnaji-lepe\/","datePublished":"2025-07-25","dateModified":"2025-07-25","mainEntityOfPage":"https:\/\/www.decius.cz\/bez-lepku-chutnaji-lepe\/","author":{"@type":"Person","@id":"https:\/\/www.decius.cz\/author\/#Person","name":"","url":"https:\/\/www.decius.cz\/author\/","identifier":1,"image":{"@type":"ImageObject","@id":"https:\/\/secure.gravatar.com\/avatar\/40b5f3ce562f556955b189273c919e65fd2efecc17411a60d9172af88d0e5d58?s=96&d=mm&r=g","url":"https:\/\/secure.gravatar.com\/avatar\/40b5f3ce562f556955b189273c919e65fd2efecc17411a60d9172af88d0e5d58?s=96&d=mm&r=g","height":96,"width":96}},"publisher":{"@type":"Organization","name":"decius.cz","logo":{"@type":"ImageObject","@id":"\/logo.png","url":"\/logo.png","width":600,"height":60}},"image":null,"wordCount":200,"keywords":null},{"@type":"Article","@id":"https:\/\/www.decius.cz\/to-prave-misto-pro-vasi-dovolenou\/","headline":"To prav\u00e9 m\u00edsto pro Va\u0161i dovolenou","url":"https:\/\/www.decius.cz\/to-prave-misto-pro-vasi-dovolenou\/","datePublished":"2025-07-19","dateModified":"2025-07-19","mainEntityOfPage":"https:\/\/www.decius.cz\/to-prave-misto-pro-vasi-dovolenou\/","author":{"@type":"Person","@id":"https:\/\/www.decius.cz\/author\/#Person","name":"","url":"https:\/\/www.decius.cz\/author\/","identifier":1,"image":{"@type":"ImageObject","@id":"https:\/\/secure.gravatar.com\/avatar\/40b5f3ce562f556955b189273c919e65fd2efecc17411a60d9172af88d0e5d58?s=96&d=mm&r=g","url":"https:\/\/secure.gravatar.com\/avatar\/40b5f3ce562f556955b189273c919e65fd2efecc17411a60d9172af88d0e5d58?s=96&d=mm&r=g","height":96,"width":96}},"publisher":{"@type":"Organization","name":"decius.cz","logo":{"@type":"ImageObject","@id":"\/logo.png","url":"\/logo.png","width":600,"height":60}},"image":null,"wordCount":223,"keywords":null}]},{"@context":"https:\/\/schema.org","@type":"WebSite","@id":"https:\/\/www.decius.cz\/#website","name":"Decius","url":"https:\/\/www.decius.cz","potentialAction":{"@type":"SearchAction","target":"https:\/\/www.decius.cz\/?s={search_term_string}","query-input":"required name=search_term_string"}}]